{"id":2665,"date":"2016-10-14T08:45:36","date_gmt":"2016-10-14T08:45:36","guid":{"rendered":"http:\/\/www.itsa.es\/ca\/?p=2665"},"modified":"2017-06-01T09:09:10","modified_gmt":"2017-06-01T09:09:10","slug":"tanques-y-concept-personalitzades-a-la-radikal-marbrava-2016","status":"publish","type":"post","link":"https:\/\/www.itsa.es\/ca\/tanques-y-concept-personalitzades-a-la-radikal-marbrava-2016\/","title":{"rendered":"Tanques Y-Concept personalitzades a la Radikal MarBrava 2016"},"content":{"rendered":"<p>Les <strong>tanques Y-Concept d&#8217;ITSA<\/strong> v\u00e0ren tenir un paper protagonista a l&#8217;esdeveniment esportiu <strong>Radikal MarBrava<\/strong> que va tenir lloc a <em>Calella de Palafrugell i LLafranc<\/em> el 9 d&#8217;octubre del 2016, i que va comptar amb una participaci\u00f3 de m\u00e9s de 500 nedadors.<\/p>\n<p>En aquesta gran competici\u00f3 de les aig\u00fces obertes es realitzen proves de nataci\u00f3 al mar i activitats paral\u00b7leles per a tots els p\u00fablics: xerrades, sessonss t\u00e8cniques i proves de relleus, aix\u00ed com les competicions principals: La Radikal MarBrava 7.0 de 7000m i la Radikal MarBrava 1.5 de 1500m.<\/p>\n<p>Durant aquest important esdeveniment, <strong>tanques Y-Concept 2m<\/strong> en color taronja d&#8217;ITSA personalitzades amb l&#8217;escut de l&#8217;<em>Ajuntament de Palafrugell<\/em>\u00a0v\u00e0ren tenir la doble funci\u00f3 de delimitar la zona de sortida i de contenci\u00f3 del p\u00fablic assistent.<\/p>\n<p>La propera edici\u00f3 de la <strong>Radikal MarBrava<\/strong> tindr\u00e0 lloc els dies 14 i 15 d&#8217;octubre del 2017. M\u00e9s informaci\u00f3 a www.radikalswim.com<\/p>\n","protected":false},"excerpt":{"rendered":"<p>Les tanques Y-Concept d&#8217;ITSA v\u00e0ren tenir un paper protagonista a l&#8217;esdeveniment esportiu Radikal MarBrava que va tenir lloc a Calella de Palafrugell i LLafranc el 9 d&#8217;octubre del 2016, i que va comptar amb una participaci\u00f3 de m\u00e9s de 500 nedadors. En aquesta gran competici\u00f3 de les aig\u00fces obertes es realitzen proves de nataci\u00f3 al&#8230;  <a class=\"excerpt-read-more\" href=\"https:\/\/www.itsa.es\/ca\/tanques-y-concept-personalitzades-a-la-radikal-marbrava-2016\/\" title=\"Read Tanques Y-Concept personalitzades a la Radikal MarBrava 2016\">Read more &raquo;<\/a><\/p>\n","protected":false},"author":3,"featured_media":2664,"comment_status":"closed","ping_status":"open","sticky":false,"template":"","format":"standard","meta":{"_monsterinsights_skip_tracking":false,"_monsterinsights_sitenote_active":false,"_monsterinsights_sitenote_note":"","_monsterinsights_sitenote_category":0,"footnotes":""},"categories":[46],"tags":[],"class_list":["post-2665","post","type-post","status-publish","format-standard","has-post-thumbnail","hentry","category-urban-ca"],"_links":{"self":[{"href":"https:\/\/www.itsa.es\/ca\/wp-json\/wp\/v2\/posts\/2665","targetHints":{"allow":["GET"]}}],"collection":[{"href":"https:\/\/www.itsa.es\/ca\/wp-json\/wp\/v2\/posts"}],"about":[{"href":"https:\/\/www.itsa.es\/ca\/wp-json\/wp\/v2\/types\/post"}],"author":[{"embeddable":true,"href":"https:\/\/www.itsa.es\/ca\/wp-json\/wp\/v2\/users\/3"}],"replies":[{"embeddable":true,"href":"https:\/\/www.itsa.es\/ca\/wp-json\/wp\/v2\/comments?post=2665"}],"version-history":[{"count":5,"href":"https:\/\/www.itsa.es\/ca\/wp-json\/wp\/v2\/posts\/2665\/revisions"}],"predecessor-version":[{"id":2674,"href":"https:\/\/www.itsa.es\/ca\/wp-json\/wp\/v2\/posts\/2665\/revisions\/2674"}],"wp:featuredmedia":[{"embeddable":true,"href":"https:\/\/www.itsa.es\/ca\/wp-json\/wp\/v2\/media\/2664"}],"wp:attachment":[{"href":"https:\/\/www.itsa.es\/ca\/wp-json\/wp\/v2\/media?parent=2665"}],"wp:term":[{"taxonomy":"category","embeddable":true,"href":"https:\/\/www.itsa.es\/ca\/wp-json\/wp\/v2\/categories?post=2665"},{"taxonomy":"post_tag","embeddable":true,"href":"https:\/\/www.itsa.es\/ca\/wp-json\/wp\/v2\/tags?post=2665"}],"curies":[{"name":"wp","href":"https:\/\/api.w.org\/{rel}","templated":true}]}}