{"id":4339,"date":"2022-11-14T13:33:05","date_gmt":"2022-11-14T13:33:05","guid":{"rendered":"https:\/\/www.itsa.es\/fr\/las-barreras-cargo-de-itsa-invaden-las-calles-bilbao\/"},"modified":"2022-11-14T13:46:30","modified_gmt":"2022-11-14T13:46:30","slug":"las-barreras-cargo-de-itsa-invaden-las-calles-bilbao","status":"publish","type":"post","link":"https:\/\/www.itsa.es\/fr\/las-barreras-cargo-de-itsa-invaden-las-calles-bilbao\/","title":{"rendered":"Les barri\u00e8res CARGO d&#8217;ITSA envahissent les rues de Bilbao"},"content":{"rendered":"<p>Les rues de Bilbao se sont remplies d&#8217;\u0153uvres au cours de l&#8217;ann\u00e9e \u00e9lectorale. Apr\u00e8s l&#8217;arr\u00eat de la pand\u00e9mie, les projets tant attendus ont commenc\u00e9 \u00e0 se mat\u00e9rialiser \u00e0 Bilbao.<\/p>\n<p>Notre <strong>CARGO BARRIER<\/strong> a \u00e9t\u00e9 et est toujours pr\u00e9sent dans ses rues ; sur l&#8217;image, Calle Alameda de Urquijo.<\/p>\n<p>&nbsp;<\/p>\n","protected":false},"excerpt":{"rendered":"<p>Les rues de Bilbao se sont remplies d&#8217;\u0153uvres au cours de l&#8217;ann\u00e9e \u00e9lectorale. Apr\u00e8s l&#8217;arr\u00eat de la pand\u00e9mie, les projets tant attendus ont commenc\u00e9 \u00e0 se mat\u00e9rialiser \u00e0 Bilbao. Notre CARGO BARRIER a \u00e9t\u00e9 et est toujours pr\u00e9sent dans ses rues ; sur l&#8217;image, Calle Alameda de Urquijo. &nbsp;<\/p>\n","protected":false},"author":3,"featured_media":4328,"comment_status":"closed","ping_status":"open","sticky":false,"template":"","format":"standard","meta":{"_monsterinsights_skip_tracking":false,"_monsterinsights_sitenote_active":false,"_monsterinsights_sitenote_note":"","_monsterinsights_sitenote_category":0,"footnotes":""},"categories":[66],"tags":[],"class_list":["post-4339","post","type-post","status-publish","format-standard","has-post-thumbnail","hentry","category-urbain"],"_links":{"self":[{"href":"https:\/\/www.itsa.es\/fr\/wp-json\/wp\/v2\/posts\/4339","targetHints":{"allow":["GET"]}}],"collection":[{"href":"https:\/\/www.itsa.es\/fr\/wp-json\/wp\/v2\/posts"}],"about":[{"href":"https:\/\/www.itsa.es\/fr\/wp-json\/wp\/v2\/types\/post"}],"author":[{"embeddable":true,"href":"https:\/\/www.itsa.es\/fr\/wp-json\/wp\/v2\/users\/3"}],"replies":[{"embeddable":true,"href":"https:\/\/www.itsa.es\/fr\/wp-json\/wp\/v2\/comments?post=4339"}],"version-history":[{"count":3,"href":"https:\/\/www.itsa.es\/fr\/wp-json\/wp\/v2\/posts\/4339\/revisions"}],"predecessor-version":[{"id":4343,"href":"https:\/\/www.itsa.es\/fr\/wp-json\/wp\/v2\/posts\/4339\/revisions\/4343"}],"wp:featuredmedia":[{"embeddable":true,"href":"https:\/\/www.itsa.es\/fr\/wp-json\/wp\/v2\/media\/4328"}],"wp:attachment":[{"href":"https:\/\/www.itsa.es\/fr\/wp-json\/wp\/v2\/media?parent=4339"}],"wp:term":[{"taxonomy":"category","embeddable":true,"href":"https:\/\/www.itsa.es\/fr\/wp-json\/wp\/v2\/categories?post=4339"},{"taxonomy":"post_tag","embeddable":true,"href":"https:\/\/www.itsa.es\/fr\/wp-json\/wp\/v2\/tags?post=4339"}],"curies":[{"name":"wp","href":"https:\/\/api.w.org\/{rel}","templated":true}]}}